{"id":1243,"date":"2025-01-23T20:32:50","date_gmt":"2025-01-23T17:32:50","guid":{"rendered":"https:\/\/tamer.myddns.me\/?p=1243"},"modified":"2026-03-15T20:50:51","modified_gmt":"2026-03-15T17:50:51","slug":"tamer-akin","status":"publish","type":"post","link":"https:\/\/tamerakin.com.tr\/?p=1243","title":{"rendered":"TAMER AKIN"},"content":{"rendered":"<p><img loading=\"lazy\" decoding=\"async\" class=\" wp-image-1337 aligncenter\" src=\"https:\/\/tamerakin.com.tr\/wp-content\/uploads\/2025\/10\/SOZ4514-300x225.jpg\" alt=\"\" width=\"930\" height=\"697\" srcset=\"https:\/\/tamerakin.com.tr\/wp-content\/uploads\/2025\/10\/SOZ4514-300x225.jpg 300w, https:\/\/tamerakin.com.tr\/wp-content\/uploads\/2025\/10\/SOZ4514-1030x773.jpg 1030w, https:\/\/tamerakin.com.tr\/wp-content\/uploads\/2025\/10\/SOZ4514-768x576.jpg 768w, https:\/\/tamerakin.com.tr\/wp-content\/uploads\/2025\/10\/SOZ4514-1536x1152.jpg 1536w, https:\/\/tamerakin.com.tr\/wp-content\/uploads\/2025\/10\/SOZ4514-2048x1536.jpg 2048w, https:\/\/tamerakin.com.tr\/wp-content\/uploads\/2025\/10\/SOZ4514-1500x1125.jpg 1500w, https:\/\/tamerakin.com.tr\/wp-content\/uploads\/2025\/10\/SOZ4514-705x529.jpg 705w\" sizes=\"auto, (max-width: 930px) 100vw, 930px\" \/><\/p>\n<p>Kocaeli \u00dcniversitesi \u00c7al\u0131\u015fma Ekonomisi ve End\u00fcstri \u0130li\u015fkileri B\u00f6l\u00fcm\u00fc\u2019nden mezun oldu. \u00dcniversite y\u0131llar\u0131ndan itibaren Ar\u00e7elik, Ak\u00e7ansa, Ceva Lojistik, Karena \u0130nsan Kaynaklar\u0131, Genpa, Samsung ( CMC b\u00fcnyesinde) ve Vakko \u015firketlerinin e\u011fitim, sat\u0131\u015f ve insan kaynaklar\u0131 departmanlar\u0131nda g\u00f6rev ald\u0131. \u015eu anda Astroloji Uzman\u0131 olarak \u00e7al\u0131\u015fmalar\u0131na Tamer Ak\u0131n E\u011fitim ve Dan\u0131\u015fmanl\u0131k b\u00fcnyesinde devam etmektedir. Ak\u0131n, 2012 y\u0131l\u0131nda ICF Onayl\u0131 \u201c Uluslararas\u0131 Ko\u00e7luk Belgesi \u201d alm\u0131\u015ft\u0131r.<\/p>\n<p>&nbsp;<\/p>\n<h3>ALDI\u011eI E\u011e\u0130T\u0130MLER VE SERT\u0130F\u0130KALAR<\/h3>\n<p>&nbsp;<\/p>\n<ul type=\"disc\">\n<li>Foundations of Professional Coaching ;<br \/>\nAdler International Learning<\/li>\n<li>The Coaching Conversation in the Context of Work;<br \/>\nAdler International Learning<\/li>\n<li>Moving Towards Artful Coaching;<br \/>\nAdler International Learning<\/li>\n<li>NLP Master Practitioner ; Derin Performans E\u011fitim ve Dan\u0131\u015fmanl\u0131k<\/li>\n<li>NLP Practitioner ; Derin Performans E\u011fitim ve Dan\u0131\u015fmanl\u0131k<\/li>\n<li>Hayat\u0131n Matemati\u011fi ; Sibel Arda<\/li>\n<li>TEMEL ASTROLOJ\u0130, iLERi ASTROLOJi, HOROSKOP OKUMA, KLASiK ASTROLOJi, Asude Argun<\/li>\n<\/ul>\n<p>&nbsp;<\/p>\n<h3>DESTEK VERD\u0130\u011e\u0130 PROJELER<\/h3>\n<p>&nbsp;<\/p>\n<ul type=\"disc\">\n<li>Ko\u00e7luk Platformu Derne\u011fi &#8211; Engelsiz Kariyer Projesi<\/li>\n<li>Sakarya \u00dcniversitesi 7.Ki\u015fisel Geli\u015fim G\u00fcnleri<\/li>\n<li>Silivri Belediyesi Kariyer G\u00fcnleri<\/li>\n<li>TOBB \u00dcniversitesi Lidelik Kamp\u0131 2013<\/li>\n<li>K\u0131r\u0131kkale \u00dcniversitesi Kariyer Zirvesi 2013<\/li>\n<\/ul>\n<h4>AKIN\u2019IN \u0130LG\u0130 ALANLARI<\/h4>\n<p>Radyo ve TV Programlar\u0131\u2019na e\u011fitimci ve yazar konuk konu\u015fmac\u0131;<\/p>\n<p>Kariyer geli\u015fimi konular\u0131 hakk\u0131nda payla\u015f\u0131m ve konu\u015fma i\u00e7in TV Kanallar\u0131nda yer ald\u0131.<\/p>\n<p>Bar\u0131\u015f TV\u2019de Meltemle Ya\u015fama Dair program\u0131nda Meltem Satun\u2019un konu\u011fu olmu\u015ftur.<\/p>\n<p>TV41&#8242; de Art\u0131 De\u011fer program\u0131nda Nuri Murat Avc\u0131 ve G\u00f6khan Oru\u00e7o\u011flu&#8217;nun konu\u011fu olmu\u015ftur.<\/p>\n<p>&nbsp;<\/p>\n","protected":false},"excerpt":{"rendered":"<p>Kocaeli \u00dcniversitesi \u00c7al\u0131\u015fma Ekonomisi ve End\u00fcstri \u0130li\u015fkileri B\u00f6l\u00fcm\u00fc\u2019nden mezun oldu. \u00dcniversite y\u0131llar\u0131ndan itibaren Ar\u00e7elik, Ak\u00e7ansa, Ceva Lojistik, Karena \u0130nsan Kaynaklar\u0131, Genpa, Samsung ( CMC b\u00fcnyesinde) ve Vakko \u015firketlerinin e\u011fitim, sat\u0131\u015f ve insan kaynaklar\u0131 departmanlar\u0131nda g\u00f6rev ald\u0131. \u015eu anda Astroloji Uzman\u0131 olarak \u00e7al\u0131\u015fmalar\u0131na Tamer Ak\u0131n E\u011fitim ve Dan\u0131\u015fmanl\u0131k b\u00fcnyesinde devam etmektedir. Ak\u0131n, 2012 y\u0131l\u0131nda ICF Onayl\u0131 [&hellip;]<\/p>\n","protected":false},"author":1,"featured_media":0,"comment_status":"closed","ping_status":"closed","sticky":false,"template":"","format":"standard","meta":{"footnotes":""},"categories":[3],"tags":[],"class_list":["post-1243","post","type-post","status-publish","format-standard","hentry","category-personal"],"_links":{"self":[{"href":"https:\/\/tamerakin.com.tr\/index.php?rest_route=\/wp\/v2\/posts\/1243","targetHints":{"allow":["GET"]}}],"collection":[{"href":"https:\/\/tamerakin.com.tr\/index.php?rest_route=\/wp\/v2\/posts"}],"about":[{"href":"https:\/\/tamerakin.com.tr\/index.php?rest_route=\/wp\/v2\/types\/post"}],"author":[{"embeddable":true,"href":"https:\/\/tamerakin.com.tr\/index.php?rest_route=\/wp\/v2\/users\/1"}],"replies":[{"embeddable":true,"href":"https:\/\/tamerakin.com.tr\/index.php?rest_route=%2Fwp%2Fv2%2Fcomments&post=1243"}],"version-history":[{"count":10,"href":"https:\/\/tamerakin.com.tr\/index.php?rest_route=\/wp\/v2\/posts\/1243\/revisions"}],"predecessor-version":[{"id":1428,"href":"https:\/\/tamerakin.com.tr\/index.php?rest_route=\/wp\/v2\/posts\/1243\/revisions\/1428"}],"wp:attachment":[{"href":"https:\/\/tamerakin.com.tr\/index.php?rest_route=%2Fwp%2Fv2%2Fmedia&parent=1243"}],"wp:term":[{"taxonomy":"category","embeddable":true,"href":"https:\/\/tamerakin.com.tr\/index.php?rest_route=%2Fwp%2Fv2%2Fcategories&post=1243"},{"taxonomy":"post_tag","embeddable":true,"href":"https:\/\/tamerakin.com.tr\/index.php?rest_route=%2Fwp%2Fv2%2Ftags&post=1243"}],"curies":[{"name":"wp","href":"https:\/\/api.w.org\/{rel}","templated":true}]}}